{"id":16453,"date":"2021-10-05T16:42:12","date_gmt":"2021-10-05T14:42:12","guid":{"rendered":"http:\/\/test.sunalle.it\/quattro-idee-per-i-cestinetti-di-pane-carasau\/"},"modified":"2021-10-13T11:37:17","modified_gmt":"2021-10-13T09:37:17","slug":"quatre-idees-de-corbeille-de-pane-carasau","status":"publish","type":"post","link":"https:\/\/test.sunalle.it\/fr\/quatre-idees-de-corbeille-de-pane-carasau\/","title":{"rendered":"Quatre id\u00e9es de corbeille de pane carasau"},"content":{"rendered":"<p>[vc_row css_animation=\u00a0\u00bb\u00a0\u00bb row_type=\u00a0\u00bbrow\u00a0\u00bb use_row_as_full_screen_section=\u00a0\u00bbno\u00a0\u00bb type=\u00a0\u00bbfull_width\u00a0\u00bb angled_section=\u00a0\u00bbno\u00a0\u00bb text_align=\u00a0\u00bbleft\u00a0\u00bb background_image_as_pattern=\u00a0\u00bbwithout_pattern\u00a0\u00bb z_index=\u00a0\u00bb\u00a0\u00bb][vc_column width=\u00a0\u00bb1\/6&Prime;][vc_empty_space height=\u00a0\u00bb30px\u00a0\u00bb][vc_column_text]<\/p>\n<h4>1er Panier:<br \/>\nL\u00e9gumes<\/h4>\n<p>[\/vc_column_text][\/vc_column][vc_column width=\u00a0\u00bb1\/6&Prime;][vc_empty_space height=\u00a0\u00bb30px\u00a0\u00bb][vc_column_text]<\/p>\n<h2>Ingr\u00e9dients<\/h2>\n<p>1\/2 carotte<br \/>\n1\/2 aubergine<br \/>\n1\/2 oignon<br \/>\n1\/2 courgette<br \/>\n3 feuilles de Pane Carasau<br \/>\nBasilic<br \/>\nOrigan<br \/>\nHuile d\u2019olive vierge extra<br \/>\nSel q.s.[\/vc_column_text][\/vc_column][vc_column width=\u00a0\u00bb2\/3&Prime;][vc_empty_space height=\u00a0\u00bb30px\u00a0\u00bb][vc_column_text]<\/p>\n<h2>Proc\u00e9dure<\/h2>\n<p><strong>Pour la garniture<\/strong>: Laver et essuyer les l\u00e9gumes, \u00e9liminer les extr\u00e9mit\u00e9s et les couper en d\u00e9s, en les gardant s\u00e9par\u00e9s par typologie. Dans une poele, verser un filet d\u2019huile d\u2019olive vierge extra et faire dorer l\u2019oignon, puis ajouter l\u2019aubergine et faire cuire pendant cinq minutes. Enfin, ajouter la carotte et la courgette et terminer la cuisson en s\u2019assurant que les l\u00e9gumes restent croquants. Ajouter du sel et de l\u2019origan, m\u00e9langer soigneusement et retirer du feu.<\/p>\n<p><strong>Pour le panier<\/strong>: mouiller le Pane Carasau sous l\u2019eau, le disposer dans une assiette plate et le laisser ramollir quelques minutes. Le mettre dans un bol en exer\u00e7ant une l\u00e9g\u00e8re pression pour qu\u2019il adh\u00e8re aux parois, puis enfourner pendant environ 10 minutes \u00e0 180\u00b0 jusqu&rsquo;\u00e0 ce qu&rsquo;il soit bien grill\u00e9. Sortir le plat du four et laisser refroidir. Ajouter la sauce \u00e0 l&rsquo;aide d&rsquo;une cuill\u00e8re et servir en d\u00e9corant de feuilles de basilic frais.[\/vc_column_text][\/vc_column][\/vc_row][vc_row css_animation=\u00a0\u00bb\u00a0\u00bb row_type=\u00a0\u00bbrow\u00a0\u00bb use_row_as_full_screen_section=\u00a0\u00bbno\u00a0\u00bb type=\u00a0\u00bbfull_width\u00a0\u00bb angled_section=\u00a0\u00bbno\u00a0\u00bb text_align=\u00a0\u00bbleft\u00a0\u00bb background_image_as_pattern=\u00a0\u00bbwithout_pattern\u00a0\u00bb][vc_column][vc_empty_space height=\u00a0\u00bb90px\u00a0\u00bb][vc_separator type=\u00a0\u00bbnormal\u00a0\u00bb][vc_empty_space height=\u00a0\u00bb90px\u00a0\u00bb][\/vc_column][\/vc_row][vc_row css_animation=\u00a0\u00bb\u00a0\u00bb row_type=\u00a0\u00bbrow\u00a0\u00bb use_row_as_full_screen_section=\u00a0\u00bbno\u00a0\u00bb type=\u00a0\u00bbfull_width\u00a0\u00bb angled_section=\u00a0\u00bbno\u00a0\u00bb text_align=\u00a0\u00bbleft\u00a0\u00bb background_image_as_pattern=\u00a0\u00bbwithout_pattern\u00a0\u00bb z_index=\u00a0\u00bb\u00a0\u00bb][vc_column width=\u00a0\u00bb1\/6&Prime;][vc_empty_space height=\u00a0\u00bb30px\u00a0\u00bb][vc_column_text]<\/p>\n<h4>2\u00e8me Panier:<br \/>\nPrupedda et Olives Noires<\/h4>\n<p>[\/vc_column_text][\/vc_column][vc_column width=\u00a0\u00bb1\/6&Prime;][vc_empty_space height=\u00a0\u00bb30px\u00a0\u00bb][vc_column_text]<\/p>\n<h2>Ingr\u00e9dients<\/h2>\n<p>Prupedda<br \/>\nOlives Noires<br \/>\nHuile<br \/>\nSel[\/vc_column_text][\/vc_column][vc_column width=\u00a0\u00bb2\/3&Prime;][vc_empty_space height=\u00a0\u00bb30px\u00a0\u00bb][vc_column_text]<\/p>\n<h2>Proc\u00e9dure<\/h2>\n<p><strong>Pour la garniture<\/strong>: Faire revenir la prupedda avec un filet d&rsquo;huile. Entretemps, couper les tomates en quatre. Une fois la prupedda cuite, ajouter les tomates cerises, m\u00e9langer et \u00e9teindre le feu.<\/p>\n<p><strong>Pour le panier<\/strong>: mouiller le Pane Carasau sous l\u2019eau, le disposer dans une assiette plate et le laisser ramollir quelques minutes. Le mettre dans un bol en exer\u00e7ant une l\u00e9g\u00e8re pression pour qu&rsquo;il adh\u00e8re aux parois et enfourner pendant environ 10 minutes \u00e0 180\u00b0, jusqu&rsquo;\u00e0 ce qu&rsquo;il soit bien grill\u00e9. Sortir le plat du four et laisser refroidir. Ajouter la sauce \u00e0 l&rsquo;aide d&rsquo;une cuill\u00e8re.<br \/>\n[\/vc_column_text][\/vc_column][\/vc_row][vc_row css_animation=\u00a0\u00bb\u00a0\u00bb row_type=\u00a0\u00bbrow\u00a0\u00bb use_row_as_full_screen_section=\u00a0\u00bbno\u00a0\u00bb type=\u00a0\u00bbfull_width\u00a0\u00bb angled_section=\u00a0\u00bbno\u00a0\u00bb text_align=\u00a0\u00bbleft\u00a0\u00bb background_image_as_pattern=\u00a0\u00bbwithout_pattern\u00a0\u00bb][vc_column][vc_empty_space height=\u00a0\u00bb90px\u00a0\u00bb][vc_separator type=\u00a0\u00bbnormal\u00a0\u00bb][vc_empty_space height=\u00a0\u00bb90px\u00a0\u00bb][\/vc_column][\/vc_row][vc_row css_animation=\u00a0\u00bb\u00a0\u00bb row_type=\u00a0\u00bbrow\u00a0\u00bb use_row_as_full_screen_section=\u00a0\u00bbno\u00a0\u00bb type=\u00a0\u00bbfull_width\u00a0\u00bb angled_section=\u00a0\u00bbno\u00a0\u00bb text_align=\u00a0\u00bbleft\u00a0\u00bb background_image_as_pattern=\u00a0\u00bbwithout_pattern\u00a0\u00bb z_index=\u00a0\u00bb\u00a0\u00bb][vc_column width=\u00a0\u00bb1\/6&Prime;][vc_empty_space height=\u00a0\u00bb30px\u00a0\u00bb][vc_column_text]<\/p>\n<h4>3\u00e8me Panier:<br \/>\nCr\u00e8me de Fromage &#8211; Menthe<\/h4>\n<p>[\/vc_column_text][\/vc_column][vc_column width=\u00a0\u00bb1\/6&Prime;][vc_empty_space height=\u00a0\u00bb30px\u00a0\u00bb][vc_column_text]<\/p>\n<h2>Ingr\u00e9dients<\/h2>\n<p>Cr\u00e8me de fromage 30 g<br \/>\nMenthe q.s.[\/vc_column_text][\/vc_column][vc_column width=\u00a0\u00bb2\/3&Prime;][vc_empty_space height=\u00a0\u00bb30px\u00a0\u00bb][vc_column_text]<\/p>\n<h2>Proc\u00e9dure<\/h2>\n<p><strong>Pour la garniture<\/strong>: couper les feuilles de menthe en julienne et m\u00e9langer dans un r\u00e9cipient avec le fromage.<\/p>\n<p><strong>Pour le panier<\/strong>: mouiller le pain Carasau sous l\u2019eau, le disposer dans une assiette plate et le laisser ramollir quelques minutes. Le mettre dans un bol en exer\u00e7ant une l\u00e9g\u00e8re pression pour qu&rsquo;il adh\u00e8re aux parois et enfourner pendant environ 10 minutes \u00e0 180\u00b0, jusqu&rsquo;\u00e0 ce qu&rsquo;il soit bien grill\u00e9. Sortir le plat du four et laisser refroidir.<br \/>\n\u00c0 l\u2019aide de deux cuill\u00e8res, former des quenelles et les poser dans le panier.[\/vc_column_text][\/vc_column][\/vc_row][vc_row css_animation=\u00a0\u00bb\u00a0\u00bb row_type=\u00a0\u00bbrow\u00a0\u00bb use_row_as_full_screen_section=\u00a0\u00bbno\u00a0\u00bb type=\u00a0\u00bbfull_width\u00a0\u00bb angled_section=\u00a0\u00bbno\u00a0\u00bb text_align=\u00a0\u00bbleft\u00a0\u00bb background_image_as_pattern=\u00a0\u00bbwithout_pattern\u00a0\u00bb][vc_column][vc_empty_space height=\u00a0\u00bb90px\u00a0\u00bb][vc_separator type=\u00a0\u00bbnormal\u00a0\u00bb][vc_empty_space height=\u00a0\u00bb90px\u00a0\u00bb][\/vc_column][\/vc_row][vc_row css_animation=\u00a0\u00bb\u00a0\u00bb row_type=\u00a0\u00bbrow\u00a0\u00bb use_row_as_full_screen_section=\u00a0\u00bbno\u00a0\u00bb type=\u00a0\u00bbfull_width\u00a0\u00bb angled_section=\u00a0\u00bbno\u00a0\u00bb text_align=\u00a0\u00bbleft\u00a0\u00bb background_image_as_pattern=\u00a0\u00bbwithout_pattern\u00a0\u00bb z_index=\u00a0\u00bb\u00a0\u00bb][vc_column width=\u00a0\u00bb1\/6&Prime;][vc_empty_space height=\u00a0\u00bb30px\u00a0\u00bb][vc_column_text]<\/p>\n<h4>4\u00e8me Panier:<br \/>\nRoquette et Jambon<\/h4>\n<p>[\/vc_column_text][\/vc_column][vc_column width=\u00a0\u00bb1\/6&Prime;][vc_empty_space height=\u00a0\u00bb30px\u00a0\u00bb][vc_column_text]<\/p>\n<h2>Ingr\u00e9dients<\/h2>\n<p>Pain Carasau<br \/>\nRoquette<br \/>\nJambon cru[\/vc_column_text][\/vc_column][vc_column width=\u00a0\u00bb2\/3&Prime;][vc_empty_space height=\u00a0\u00bb30px\u00a0\u00bb][vc_column_text]<\/p>\n<h2>Proc\u00e9dure<\/h2>\n<p><strong>Pour le panier<\/strong>: mouiller le pain Carasau sous l\u2019eau, le disposer dans une assiette plate et le laisser ramollir quelques minutes. Le mettre dans un bol en exer\u00e7ant une l\u00e9g\u00e8re pression pour qu&rsquo;il adh\u00e8re aux parois et enfourner pendant environ 10 minutes \u00e0 180\u00b0, jusqu&rsquo;\u00e0 ce qu&rsquo;il soit bien grill\u00e9. Sortir le plat du four et laisser refroidir.<\/p>\n<p>Remplir le panier de feuilles de roquette lav\u00e9es et ajouter deux tranches de jambon cru enroul\u00e9es.<br \/>\n[\/vc_column_text][\/vc_column][\/vc_row][vc_row css_animation=\u00a0\u00bb\u00a0\u00bb row_type=\u00a0\u00bbrow\u00a0\u00bb use_row_as_full_screen_section=\u00a0\u00bbyes\u00a0\u00bb type=\u00a0\u00bbfull_width\u00a0\u00bb angled_section=\u00a0\u00bbno\u00a0\u00bb text_align=\u00a0\u00bbleft\u00a0\u00bb background_image_as_pattern=\u00a0\u00bbwithout_pattern\u00a0\u00bb z_index=\u00a0\u00bb\u00a0\u00bb][vc_column][vc_empty_space height=\u00a0\u00bb90px\u00a0\u00bb][vc_single_image image=\u00a0\u00bb16366&Prime; img_size=\u00a0\u00bbfull\u00a0\u00bb alignment=\u00a0\u00bbcenter\u00a0\u00bb onclick=\u00a0\u00bbzoom\u00a0\u00bb qode_css_animation=\u00a0\u00bb\u00a0\u00bb][\/vc_column][\/vc_row]<\/p>\n","protected":false},"excerpt":{"rendered":"<p>mouiller le pain Carasau sous l\u2019eau, le disposer dans une assiette plate et le laisser ramollir quelques minutes. Le mettre dans un bol en exer\u00e7ant une l\u00e9g\u00e8re pression pour qu&rsquo;il adh\u00e8re aux parois <\/p>\n","protected":false},"author":1,"featured_media":16368,"comment_status":"open","ping_status":"open","sticky":false,"template":"","format":"standard","meta":{"footnotes":""},"categories":[85],"tags":[],"class_list":["post-16453","post","type-post","status-publish","format-standard","has-post-thumbnail","hentry","category-antipasti-fr"],"_links":{"self":[{"href":"https:\/\/test.sunalle.it\/fr\/wp-json\/wp\/v2\/posts\/16453","targetHints":{"allow":["GET"]}}],"collection":[{"href":"https:\/\/test.sunalle.it\/fr\/wp-json\/wp\/v2\/posts"}],"about":[{"href":"https:\/\/test.sunalle.it\/fr\/wp-json\/wp\/v2\/types\/post"}],"author":[{"embeddable":true,"href":"https:\/\/test.sunalle.it\/fr\/wp-json\/wp\/v2\/users\/1"}],"replies":[{"embeddable":true,"href":"https:\/\/test.sunalle.it\/fr\/wp-json\/wp\/v2\/comments?post=16453"}],"version-history":[{"count":2,"href":"https:\/\/test.sunalle.it\/fr\/wp-json\/wp\/v2\/posts\/16453\/revisions"}],"predecessor-version":[{"id":16455,"href":"https:\/\/test.sunalle.it\/fr\/wp-json\/wp\/v2\/posts\/16453\/revisions\/16455"}],"wp:featuredmedia":[{"embeddable":true,"href":"https:\/\/test.sunalle.it\/fr\/wp-json\/wp\/v2\/media\/16368"}],"wp:attachment":[{"href":"https:\/\/test.sunalle.it\/fr\/wp-json\/wp\/v2\/media?parent=16453"}],"wp:term":[{"taxonomy":"category","embeddable":true,"href":"https:\/\/test.sunalle.it\/fr\/wp-json\/wp\/v2\/categories?post=16453"},{"taxonomy":"post_tag","embeddable":true,"href":"https:\/\/test.sunalle.it\/fr\/wp-json\/wp\/v2\/tags?post=16453"}],"curies":[{"name":"wp","href":"https:\/\/api.w.org\/{rel}","templated":true}]}}