{"id":16508,"date":"2021-10-05T16:42:12","date_gmt":"2021-10-05T14:42:12","guid":{"rendered":"http:\/\/test.sunalle.it\/vier-ideen-fur-carasau-brot-korbchen\/"},"modified":"2021-10-13T16:32:40","modified_gmt":"2021-10-13T14:32:40","slug":"vier-ideen-fur-carasau-brot-korbchen","status":"publish","type":"post","link":"https:\/\/test.sunalle.it\/de\/vier-ideen-fur-carasau-brot-korbchen\/","title":{"rendered":"Vier ideen f\u00fcr carasau-brot-k\u00f6rbchen"},"content":{"rendered":"<p>[vc_row css_animation=&#8220;&#8220; row_type=&#8220;row&#8220; use_row_as_full_screen_section=&#8220;no&#8220; type=&#8220;full_width&#8220; angled_section=&#8220;no&#8220; text_align=&#8220;left&#8220; background_image_as_pattern=&#8220;without_pattern&#8220; z_index=&#8220;&#8220;][vc_column width=&#8220;1\/6&#8243;][vc_empty_space height=&#8220;30px&#8220;][vc_column_text]<\/p>\n<h4>1. K\u00f6rbchen:<br \/>\nGem\u00fcse<\/h4>\n<p>[\/vc_column_text][\/vc_column][vc_column width=&#8220;1\/6&#8243;][vc_empty_space height=&#8220;30px&#8220;][vc_column_text]<\/p>\n<h2>Zutaten<\/h2>\n<p>1\/2 Karotte<br \/>\n1\/2 Aubergine<br \/>\n1\/2 Zwiebel<br \/>\n1\/2 Zucchini<br \/>\n3 Carasau-Fladen<br \/>\nBasilikum<br \/>\nOregano<br \/>\nNatives Oliven\u00f6l extra<br \/>\nEtwas Salz[\/vc_column_text][\/vc_column][vc_column width=&#8220;2\/3&#8243;][vc_empty_space height=&#8220;30px&#8220;][vc_column_text]<\/p>\n<h2>Verfahren<\/h2>\n<p><strong>F\u00fcr die F\u00fcllung<\/strong>: Das Gem\u00fcse waschen und abtrocknen, die Enden entfernen und in kleine W\u00fcrfel schneiden. Die verschiedenen Gem\u00fcsesorten getrennt halten. Die Zwiebel in einer Pfanne mit etwas nativem Oliven\u00f6l anr\u00f6sten, die Aubergine hinzuf\u00fcgen und f\u00fcnf Minuten lang garen. Zum Schluss die Karotte und die Zucchini hinzuf\u00fcgen und fertig garen. Das Gem\u00fcse soll knackig bleiben. Mit Salz und Oregano w\u00fcrzen, gut umr\u00fchren und vom Herd nehmen.<\/p>\n<p><strong>F\u00fcr das K\u00f6rbchen<\/strong>: Das Carasau-Brot unter flie\u00dfendem Wasser befeuchten, auf einen flachen Teller legen und einige Minuten lang weich werden lassen. Das Brot leicht in eine Sch\u00fcssel dr\u00fccken, so dass es gut an der Sch\u00fcssel anhaftet, und etwa 10 Minuten bei 180 \u00b0C im Backofen goldgelb backen. Das K\u00f6rbchen aus der Sch\u00fcssel nehmen und abk\u00fchlen lassen. Die F\u00fcllung reingeben und mit frischen Basilikumbl\u00e4ttern servieren.[\/vc_column_text][\/vc_column][\/vc_row][vc_row css_animation=&#8220;&#8220; row_type=&#8220;row&#8220; use_row_as_full_screen_section=&#8220;no&#8220; type=&#8220;full_width&#8220; angled_section=&#8220;no&#8220; text_align=&#8220;left&#8220; background_image_as_pattern=&#8220;without_pattern&#8220;][vc_column][vc_empty_space height=&#8220;90px&#8220;][vc_separator type=&#8220;normal&#8220;][vc_empty_space height=&#8220;90px&#8220;][\/vc_column][\/vc_row][vc_row css_animation=&#8220;&#8220; row_type=&#8220;row&#8220; use_row_as_full_screen_section=&#8220;no&#8220; type=&#8220;full_width&#8220; angled_section=&#8220;no&#8220; text_align=&#8220;left&#8220; background_image_as_pattern=&#8220;without_pattern&#8220; z_index=&#8220;&#8220;][vc_column width=&#8220;1\/6&#8243;][vc_empty_space height=&#8220;30px&#8220;][vc_column_text]<\/p>\n<h4>2. K\u00f6rbchen:<br \/>\nPrupedda und Schwarze Oliven<\/h4>\n<p>[\/vc_column_text][\/vc_column][vc_column width=&#8220;1\/6&#8243;][vc_empty_space height=&#8220;30px&#8220;][vc_column_text]<\/p>\n<h2>Zutaten<\/h2>\n<p>Prupedda (gep\u00f6keltes Hackfleisch)<br \/>\nSchwarze Oliven<br \/>\n\u00d6l<br \/>\nSalz[\/vc_column_text][\/vc_column][vc_column width=&#8220;2\/3&#8243;][vc_empty_space height=&#8220;30px&#8220;][vc_column_text]<\/p>\n<h2>Verfahren<\/h2>\n<p><strong>F\u00fcr die F\u00fcllung<\/strong>: Die Prupedda in ein wenig \u00d6l anbraten. In der Zwischenzeit die Cocktailtomaten in Viertel schneiden. Sobald die Prupedda gar ist, die Kirschtomaten hinzuf\u00fcgen, umr\u00fchren und den Herd ausschalten.<\/p>\n<p><strong>F\u00fcr das K\u00f6rbchen<\/strong>: Das Carasau-Brot unter flie\u00dfendem Wasser befeuchten, auf einen flachen Teller legen und einige Minuten lang weich werden lassen. Das Brot leicht in eine Sch\u00fcssel dr\u00fccken, so dass es gut an der Sch\u00fcssel anhaftet, und etwa 10 Minuten bei 180 \u00b0C im Backofen goldgelb backen. Das K\u00f6rbchen aus der Sch\u00fcssel nehmen und abk\u00fchlen lassen. Die F\u00fcllung mit einem L\u00f6ffel in das K\u00f6rbchen geben.[\/vc_column_text][\/vc_column][\/vc_row][vc_row css_animation=&#8220;&#8220; row_type=&#8220;row&#8220; use_row_as_full_screen_section=&#8220;no&#8220; type=&#8220;full_width&#8220; angled_section=&#8220;no&#8220; text_align=&#8220;left&#8220; background_image_as_pattern=&#8220;without_pattern&#8220;][vc_column][vc_empty_space height=&#8220;90px&#8220;][vc_separator type=&#8220;normal&#8220;][vc_empty_space height=&#8220;90px&#8220;][\/vc_column][\/vc_row][vc_row css_animation=&#8220;&#8220; row_type=&#8220;row&#8220; use_row_as_full_screen_section=&#8220;no&#8220; type=&#8220;full_width&#8220; angled_section=&#8220;no&#8220; text_align=&#8220;left&#8220; background_image_as_pattern=&#8220;without_pattern&#8220; z_index=&#8220;&#8220;][vc_column width=&#8220;1\/6&#8243;][vc_empty_space height=&#8220;30px&#8220;][vc_column_text]<\/p>\n<h4>3. K\u00f6rbchen:<br \/>\nFrischk\u00e4se &#8211; Minze<\/h4>\n<p>[\/vc_column_text][\/vc_column][vc_column width=&#8220;1\/6&#8243;][vc_empty_space height=&#8220;30px&#8220;][vc_column_text]<\/p>\n<h2>Zutaten<\/h2>\n<p>30 g Frischk\u00e4se<br \/>\nMinze nach Geschmack[\/vc_column_text][\/vc_column][vc_column width=&#8220;2\/3&#8243;][vc_empty_space height=&#8220;30px&#8220;][vc_column_text]<\/p>\n<h2>Verfahren<\/h2>\n<p><strong>F\u00fcr die F\u00fcllung<\/strong>: Die Minzbl\u00e4tter in d\u00fcnne Streifen schneiden und in einer Sch\u00fcssel mit dem K\u00e4se verr\u00fchren.<\/p>\n<p><strong>F\u00fcr das K\u00f6rbchen<\/strong>: Das Carasau-Brot unter flie\u00dfendem Wasser befeuchten, auf einen flachen Teller legen und einige Minuten lang weich werden lassen. Das Brot leicht in eine Sch\u00fcssel dr\u00fccken, so dass es gut an der Sch\u00fcssel anhaftet, und etwa 10 Minuten bei 180 \u00b0C im Backofen goldgelb backen. Das K\u00f6rbchen aus der Sch\u00fcssel nehmen und abk\u00fchlen lassen.<\/p>\n<p>Die F\u00fcllung mithilfe zweier L\u00f6ffel zu Nocken formen und in des K\u00f6rbchen legen. [\/vc_column_text][\/vc_column][\/vc_row][vc_row css_animation=&#8220;&#8220; row_type=&#8220;row&#8220; use_row_as_full_screen_section=&#8220;no&#8220; type=&#8220;full_width&#8220; angled_section=&#8220;no&#8220; text_align=&#8220;left&#8220; background_image_as_pattern=&#8220;without_pattern&#8220;][vc_column][vc_empty_space height=&#8220;90px&#8220;][vc_separator type=&#8220;normal&#8220;][vc_empty_space height=&#8220;90px&#8220;][\/vc_column][\/vc_row][vc_row css_animation=&#8220;&#8220; row_type=&#8220;row&#8220; use_row_as_full_screen_section=&#8220;no&#8220; type=&#8220;full_width&#8220; angled_section=&#8220;no&#8220; text_align=&#8220;left&#8220; background_image_as_pattern=&#8220;without_pattern&#8220; z_index=&#8220;&#8220;][vc_column width=&#8220;1\/6&#8243;][vc_empty_space height=&#8220;30px&#8220;][vc_column_text]<\/p>\n<h4>4. K\u00f6rbchen:<br \/>\nRucola und Rohschinken<\/h4>\n<p>[\/vc_column_text][\/vc_column][vc_column width=&#8220;1\/6&#8243;][vc_empty_space height=&#8220;30px&#8220;][vc_column_text]<\/p>\n<h2>Zutaten<\/h2>\n<p>Carasau-Brot<br \/>\nRucola<br \/>\nRohschinken[\/vc_column_text][\/vc_column][vc_column width=&#8220;2\/3&#8243;][vc_empty_space height=&#8220;30px&#8220;][vc_column_text]<\/p>\n<h2>Verfahren<\/h2>\n<p><strong>F\u00fcr das K\u00f6rbchen<\/strong>: Das Carasau-Brot unter flie\u00dfendem Wasser befeuchten, auf einen flachen Teller legen und einige Minuten lang weich werden lassen. Das Brot leicht in eine Sch\u00fcssel dr\u00fccken, so dass es gut an der Sch\u00fcssel anhaftet, und etwa 10 Minuten bei 180 \u00b0C im Backofen goldgelb backen. Das K\u00f6rbchen aus der Sch\u00fcssel nehmen und abk\u00fchlen lassen.<\/p>\n<p>Das K\u00f6rbchen mit den gewaschenen Rucolabl\u00e4ttern f\u00fcllen und zwei zusammengrollte Scheiben Rohschinken drauflegen. [\/vc_column_text][\/vc_column][\/vc_row][vc_row css_animation=&#8220;&#8220; row_type=&#8220;row&#8220; use_row_as_full_screen_section=&#8220;yes&#8220; type=&#8220;full_width&#8220; angled_section=&#8220;no&#8220; text_align=&#8220;left&#8220; background_image_as_pattern=&#8220;without_pattern&#8220; z_index=&#8220;&#8220;][vc_column][vc_empty_space height=&#8220;90px&#8220;][vc_single_image image=&#8220;16366&#8243; img_size=&#8220;full&#8220; alignment=&#8220;center&#8220; onclick=&#8220;zoom&#8220; qode_css_animation=&#8220;&#8220;][\/vc_column][\/vc_row]<\/p>\n","protected":false},"excerpt":{"rendered":"<p>Das Carasau-Brot unter flie\u00dfendem Wasser befeuchten, auf einen flachen Teller legen und einige Minuten lang weich werden lassen<\/p>\n","protected":false},"author":1,"featured_media":16369,"comment_status":"open","ping_status":"open","sticky":false,"template":"","format":"standard","meta":{"footnotes":""},"categories":[90],"tags":[],"class_list":["post-16508","post","type-post","status-publish","format-standard","has-post-thumbnail","hentry","category-antipasti-de"],"_links":{"self":[{"href":"https:\/\/test.sunalle.it\/de\/wp-json\/wp\/v2\/posts\/16508","targetHints":{"allow":["GET"]}}],"collection":[{"href":"https:\/\/test.sunalle.it\/de\/wp-json\/wp\/v2\/posts"}],"about":[{"href":"https:\/\/test.sunalle.it\/de\/wp-json\/wp\/v2\/types\/post"}],"author":[{"embeddable":true,"href":"https:\/\/test.sunalle.it\/de\/wp-json\/wp\/v2\/users\/1"}],"replies":[{"embeddable":true,"href":"https:\/\/test.sunalle.it\/de\/wp-json\/wp\/v2\/comments?post=16508"}],"version-history":[{"count":3,"href":"https:\/\/test.sunalle.it\/de\/wp-json\/wp\/v2\/posts\/16508\/revisions"}],"predecessor-version":[{"id":16511,"href":"https:\/\/test.sunalle.it\/de\/wp-json\/wp\/v2\/posts\/16508\/revisions\/16511"}],"wp:featuredmedia":[{"embeddable":true,"href":"https:\/\/test.sunalle.it\/de\/wp-json\/wp\/v2\/media\/16369"}],"wp:attachment":[{"href":"https:\/\/test.sunalle.it\/de\/wp-json\/wp\/v2\/media?parent=16508"}],"wp:term":[{"taxonomy":"category","embeddable":true,"href":"https:\/\/test.sunalle.it\/de\/wp-json\/wp\/v2\/categories?post=16508"},{"taxonomy":"post_tag","embeddable":true,"href":"https:\/\/test.sunalle.it\/de\/wp-json\/wp\/v2\/tags?post=16508"}],"curies":[{"name":"wp","href":"https:\/\/api.w.org\/{rel}","templated":true}]}}